{"id":56,"date":"2011-10-28T09:31:29","date_gmt":"2011-10-28T07:31:29","guid":{"rendered":"http:\/\/me-cfs.se\/blogg\/?p=56"},"modified":"2014-08-17T10:06:15","modified_gmt":"2014-08-17T08:06:15","slug":"mats-reimer-definitionen-for-onyttig-idiot","status":"publish","type":"post","link":"https:\/\/me-cfs.se\/blogg\/mats-reimer-definitionen-for-onyttig-idiot\/","title":{"rendered":"Mats Reimer &#8211; definitionen f\u00f6r onyttig idiot?"},"content":{"rendered":"<p>Mats Reimer bloggar friskt om myalgisk encefalomyelit (kroniskt tr\u00f6tthetssyndrom) p\u00e5 sin blogg p\u00e5 Dagens Medicin. Jag b\u00f6rjar fundera p\u00e5 om han inte skulle kunna bli urkunden f\u00f6r en <em>onyttig idiot<\/em>. En <em>nyttig idiot<\/em> \u00e4r ett nedl\u00e5tande omd\u00f6me om en person som l\u00f6per andras \u00e4renden utan att vara medveten om att s\u00e5 \u00e4r fallet och i st\u00e4llet tror att det \u00e4r de egna intressena som v\u00e4rnas. Men denna term skulle inte passa in p\u00e5 Mats helt eftersom han inte l\u00f6per n\u00e5gons \u00e4renden utan helt yttrar sig friskt inom omr\u00e5den han inte beh\u00e4rskar. D\u00e4rav \u00e4ndringen fr\u00e5n <em>nyttig<\/em> till <em>onyttig<\/em>.<\/p>\n<p>Mats Reimer har inte l\u00e4rt sig att bed\u00f6ma sina egna begr\u00e4nsningar av kunskap utan tror fullt ut p\u00e5 allt han s\u00e4ger. Han verkar njuta av att f\u00e5 uppm\u00e4rksamhet och han skriver mer strunt ju mer uppm\u00e4rksamhet han f\u00e5r. Han agerar likt ett barn som pockar p\u00e5 sin mammas uppm\u00e4rksamhet. Det \u00e4r sk\u00f6nt med uppm\u00e4rksamhet. Om man inte f\u00e5r det p\u00e5 ena s\u00e4ttet, f\u00e5r man det p\u00e5 andra s\u00e4ttet. En del barn f\u00e5r uppm\u00e4rksamhet genom p\u00e5hittade och \u00f6verdrivna historier. Skulle det kunna vara s\u00e5? Mats Reimer \u00e4r en <em>onyttig idiot<\/em> som drivs av sin t\u00f6rst efter uppm\u00e4rksamhet?<\/p>\n<p>N\u00e5gra av rubrikerna p\u00e5 Mats Reimers blogg inl\u00e4gg \u00e4r:<\/p>\n<ul>\n<li>KBT eller tr\u00e4ning hj\u00e4lper n\u00e5got vid CFS<\/li>\n<li>CFS-aktivisternas mottagande av PACE-studien<\/li>\n<li>Milj\u00f6partiets alternativmedicinare anser CFS vara en biomedicinsk sjukdom<\/li>\n<li>CFS versus somatisering<\/li>\n<li>Splitters och lumpers inom CFS<\/li>\n<\/ul>\n<p>Han verkar inte alls f\u00f6rst\u00e5 att hans totalt missvisande information och brist p\u00e5 kunskap ytterligare leder till att stigmatisera ME-patienter. Det leder till att patienter kommer att bli fortsatt kr\u00e4nkta och fel behandlade inom v\u00e5rden. Det kommer att leda till att biomedicinsk forskning kommer vara fortsatt underfinansierad.<\/p>\n<p>Mats Remier saknar totalt empati. Han v\u00e4ljer neds\u00e4ttande formuleringar d\u00e5 han talar om ME. Han tror benh\u00e5rt p\u00e5 vad han f\u00e5tt f\u00f6r sig vara en uppenbarelse till absolut sanning, och tycker sig d\u00e4rmed sig ha r\u00e4tten att v\u00e5ldta en patientgrupp s\u00e5 totalt. Att s\u00e4tta sig in i den biomedicinska forskningen och historian, \u00e4r f\u00f6r honom ointressant. Han v\u00e4ljer att basera sina \u00e5sikter p\u00e5 f\u00f6rdomar, myter och p\u00e5 artiklar som \u00e4r gjorda av militanta anh\u00e4ngare av den psykiatiska skolan. Dessa anh\u00e4ngare (Simon Wessely, Peter White, Michael Sharpe, Trudie Chalder, Jos WM van der Meer, Judith B Prins, Gijs Bleijenberg) \u00e4r eventuellt \u00e5tminstone nyttiga idioter d\u00e5 de eventuellt har anknytningar till f\u00f6rs\u00e4kringsbolag som vinner ekonomiskt p\u00e5 att ME f\u00e5 ME kategoriserad som en psykiatrisk sjukdom, emedan s\u00e5dana \u00e4r undantagna i f\u00f6rs\u00e4kringsvillkoren. Mats envisa f\u00f6rs\u00f6k att sprida myten att ME \u00e4r psykiatrisk, kan ju i och f\u00f6r sig f\u00e5 en att fundera p\u00e5 ifall inte Mats skulle kunna f\u00e5 sin status uppgraderad fr\u00e5n <em>onyttig<\/em> till <em>nyttig<\/em> idiot.<\/p>\n","protected":false},"excerpt":{"rendered":"<p>Mats Reimer bloggar friskt om myalgisk encefalomyelit (kroniskt tr\u00f6tthetssyndrom) p\u00e5 sin blogg p\u00e5 Dagens Medicin. Jag b\u00f6rjar fundera p\u00e5 om han inte skulle kunna bli urkunden f\u00f6r en onyttig idiot. En nyttig idiot \u00e4r ett nedl\u00e5tande omd\u00f6me om en person som l\u00f6per andras \u00e4renden utan att vara medveten om att s\u00e5 \u00e4r fallet och i&hellip; <a class=\"more-link\" href=\"https:\/\/me-cfs.se\/blogg\/mats-reimer-definitionen-for-onyttig-idiot\/\">Forts\u00e4tt l\u00e4sa <span class=\"screen-reader-text\">Mats Reimer &#8211; definitionen f\u00f6r onyttig idiot?<\/span><\/a><\/p>\n","protected":false},"author":2,"featured_media":0,"comment_status":"closed","ping_status":"closed","sticky":false,"template":"","format":"standard","meta":{"footnotes":""},"categories":[1],"tags":[6,10,5,9,4,8,7],"_links":{"self":[{"href":"https:\/\/me-cfs.se\/blogg\/wp-json\/wp\/v2\/posts\/56"}],"collection":[{"href":"https:\/\/me-cfs.se\/blogg\/wp-json\/wp\/v2\/posts"}],"about":[{"href":"https:\/\/me-cfs.se\/blogg\/wp-json\/wp\/v2\/types\/post"}],"author":[{"embeddable":true,"href":"https:\/\/me-cfs.se\/blogg\/wp-json\/wp\/v2\/users\/2"}],"replies":[{"embeddable":true,"href":"https:\/\/me-cfs.se\/blogg\/wp-json\/wp\/v2\/comments?post=56"}],"version-history":[{"count":18,"href":"https:\/\/me-cfs.se\/blogg\/wp-json\/wp\/v2\/posts\/56\/revisions"}],"predecessor-version":[{"id":138,"href":"https:\/\/me-cfs.se\/blogg\/wp-json\/wp\/v2\/posts\/56\/revisions\/138"}],"wp:attachment":[{"href":"https:\/\/me-cfs.se\/blogg\/wp-json\/wp\/v2\/media?parent=56"}],"wp:term":[{"taxonomy":"category","embeddable":true,"href":"https:\/\/me-cfs.se\/blogg\/wp-json\/wp\/v2\/categories?post=56"},{"taxonomy":"post_tag","embeddable":true,"href":"https:\/\/me-cfs.se\/blogg\/wp-json\/wp\/v2\/tags?post=56"}],"curies":[{"name":"wp","href":"https:\/\/api.w.org\/{rel}","templated":true}]}}